{"id":3720,"date":"2023-11-21T12:20:06","date_gmt":"2023-11-21T11:20:06","guid":{"rendered":"https:\/\/www.champdeniers.fr\/?p=3720"},"modified":"2025-04-30T14:49:08","modified_gmt":"2025-04-30T12:49:08","slug":"3720","status":"publish","type":"post","link":"https:\/\/www.champdeniers.fr\/index.php\/2023\/11\/21\/3720\/","title":{"rendered":"Zones d\u2019Acc\u00e9l\u00e9ration de la production des ENergies Renouvelables (ZAEnR)"},"content":{"rendered":"\n[et_pb_section fb_built=\u00a0\u00bb1&Prime; theme_builder_area=\u00a0\u00bbpost_content\u00a0\u00bb _builder_version=\u00a0\u00bb4.23.1&Prime; _module_preset=\u00a0\u00bbdefault\u00a0\u00bb][et_pb_row _builder_version=\u00a0\u00bb4.23.1&Prime; _module_preset=\u00a0\u00bbdefault\u00a0\u00bb theme_builder_area=\u00a0\u00bbpost_content\u00a0\u00bb][et_pb_column _builder_version=\u00a0\u00bb4.23.1&Prime; _module_preset=\u00a0\u00bbdefault\u00a0\u00bb type=\u00a0\u00bb4_4&Prime; theme_builder_area=\u00a0\u00bbpost_content\u00a0\u00bb][et_pb_text _builder_version=\u00a0\u00bb4.23.1&Prime; _module_preset=\u00a0\u00bbdefault\u00a0\u00bb theme_builder_area=\u00a0\u00bbpost_content\u00a0\u00bb hover_enabled=\u00a0\u00bb0&Prime; sticky_enabled=\u00a0\u00bb0&Prime;]<h2 dir=\"auto\">Zones d\u2019Acc\u00e9l\u00e9ration de la production des ENergies Renouvelables (ZAEnR)<\/h2>\n<p>&nbsp;<\/p>\n<p>&nbsp;<\/p>\n<div dir=\"auto\"><\/div>\n<div dir=\"auto\">Depuis le 1er juillet 2023, et jusqu\u2019au 31 d\u00e9cembre 2023, les \u00e9lus locaux sont invit\u00e9s \u00e0 proposer leurs zones d\u2019acc\u00e9l\u00e9ration. Le d\u00e9veloppement massif des \u00e9nergies renouvelables est un levier majeur pour atteindre l\u2019objectif de neutralit\u00e9 carbone en 2050.<\/div>\n<div dir=\"auto\">\n<p>Plus d\u2019informations sur le site du gouvernement: <span><a class=\"x1i10hfl xjbqb8w x6umtig x1b1mbwd xaqea5y xav7gou x9f619 x1ypdohk xt0psk2 xe8uvvx xdj266r x11i5rnm xat24cr x1mh8g0r xexx8yu x4uap5 x18d9i69 xkhd6sd x16tdsg8 x1hl2dhg xggy1nq x1a2a7pz xt0b8zv x1fey0fg\" href=\"https:\/\/www.ecologie.gouv.fr\/planification-des-energies-renouvelables-et-donnees?fbclid=IwAR1Qfd3ZuGevkhxuFvSbxn65zxNR3arN1fwT2EoviW6lSp90T5OG-h0Lkxg\" rel=\"nofollow noopener\" role=\"link\" target=\"_blank\" original_target=\"https:\/\/www.ecologie.gouv.fr\/planification-des-energies-renouvelables-et-donnees?fbclid=iwar1qfd3zugevkhxufvsbxn65zxnr3arn1fwt2eoviw6lsp90t5og-h0lkxg\" waprocessedid=\"ju153\" waprocessedanchor=\"true\" fg_scanned=\"1\" tabindex=\"0\">https:\/\/www.ecologie.gouv.fr\/planification-des-energies&#8230;<\/a><\/span><\/p>\n<div mcafee_wa_ann=\"{&quot;category&quot;:[&quot;gv&quot;],&quot;flags&quot;:1,&quot;key&quot;:&quot;ecologie.gouv.fr&quot;,&quot;trust&quot;:70,&quot;ttl&quot;:604800,&quot;originalUrl&quot;:&quot;https:\/\/www.ecologie.gouv.fr\/planification-des-energies-renouvelables-et-donnees&quot;,&quot;timeCached&quot;:1700564654466,&quot;url&quot;:&quot;ecologie.gouv.fr\/planification-des-energies-renouvelables-et-donnees&quot;,&quot;dossierUrl&quot;:&quot;https:\/\/www.ecologie.gouv.fr\/planification-des-energies-renouvelables-et-donnees?fbclid=iwar1qfd3zugevkhxufvsbxn65zxnr3arn1fwt2eoviw6lsp90t5og-h0lkxg&quot;}\" waprocessedid=\"ju153\">\n<div id=\"0DE9E47C-871A-4F90-8440-B190C216800A_1\" class=\"mcafee_green\" tabindex=\"0\"><\/div>\n<\/div>\n<\/div>\n<div dir=\"auto\">La commune de <span><a class=\"x1i10hfl xjbqb8w x6umtig x1b1mbwd xaqea5y xav7gou x9f619 x1ypdohk xt0psk2 xe8uvvx xdj266r x11i5rnm xat24cr x1mh8g0r xexx8yu x4uap5 x18d9i69 xkhd6sd x16tdsg8 x1hl2dhg xggy1nq x1a2a7pz xt0b8zv x1qq9wsj xo1l8bm\" href=\"https:\/\/www.facebook.com\/VilledeChampdeniers?__cft__[0]=AZUAi5-IETNEEWRm4rENMyT2KVZY7V4F-QgHjlelUXBRYUOamwCE-lWX_TTCmKw44ywgw6bjgB1gQLHM8dHb_CXq8V954q-i6RjxQALzv-1Z2f3dRRi_sTOCjTMxlcjRHXE&amp;__tn__=-]K-R\" role=\"link\" tabindex=\"0\"><span class=\"xt0psk2\">Champdeniers<\/span><\/a><\/span> a lanc\u00e9 aupr\u00e8s de ses habitants, une consultation publique sur les Zones d\u2019Acc\u00e9l\u00e9ration de la production des Energies Renouvelables (ZAEnR).<\/div>\n<div dir=\"auto\"><\/div>\n<div dir=\"auto\"><\/div>\n<div dir=\"auto\"><\/div>\n<div dir=\"auto\"><\/div>\n<div dir=\"auto\"><\/div>\n<div dir=\"auto\">Un registre a \u00e9t\u00e9 mis \u00e0 votre disposition \u00e0 l\u2019accueil de la mairie.<\/div>[\/et_pb_text][\/et_pb_column][\/et_pb_row][\/et_pb_section]\n","protected":false},"excerpt":{"rendered":"<p>Zones d\u2019Acc\u00e9l\u00e9ration de la production des ENergies Renouvelables (ZAEnR) &nbsp; &nbsp; Depuis le 1er juillet 2023, et jusqu\u2019au 31 d\u00e9cembre 2023, les \u00e9lus locaux sont invit\u00e9s \u00e0 proposer leurs zones [&hellip;]<\/p>\n","protected":false},"author":2,"featured_media":3721,"comment_status":"closed","ping_status":"open","sticky":false,"template":"","format":"standard","meta":{"_et_pb_use_builder":"on","_et_pb_old_content":"","_et_gb_content_width":"","footnotes":""},"categories":[14],"tags":[],"class_list":["post-3720","post","type-post","status-publish","format-standard","has-post-thumbnail","hentry","category-vie-municipale"],"publishpress_future_action":{"enabled":false,"date":"2026-05-09 10:25:50","action":"change-status","newStatus":"draft","terms":[],"taxonomy":"category","extraData":[]},"publishpress_future_workflow_manual_trigger":{"enabledWorkflows":[]},"_links":{"self":[{"href":"https:\/\/www.champdeniers.fr\/index.php\/wp-json\/wp\/v2\/posts\/3720","targetHints":{"allow":["GET"]}}],"collection":[{"href":"https:\/\/www.champdeniers.fr\/index.php\/wp-json\/wp\/v2\/posts"}],"about":[{"href":"https:\/\/www.champdeniers.fr\/index.php\/wp-json\/wp\/v2\/types\/post"}],"author":[{"embeddable":true,"href":"https:\/\/www.champdeniers.fr\/index.php\/wp-json\/wp\/v2\/users\/2"}],"replies":[{"embeddable":true,"href":"https:\/\/www.champdeniers.fr\/index.php\/wp-json\/wp\/v2\/comments?post=3720"}],"version-history":[{"count":4,"href":"https:\/\/www.champdeniers.fr\/index.php\/wp-json\/wp\/v2\/posts\/3720\/revisions"}],"predecessor-version":[{"id":4288,"href":"https:\/\/www.champdeniers.fr\/index.php\/wp-json\/wp\/v2\/posts\/3720\/revisions\/4288"}],"wp:featuredmedia":[{"embeddable":true,"href":"https:\/\/www.champdeniers.fr\/index.php\/wp-json\/wp\/v2\/media\/3721"}],"wp:attachment":[{"href":"https:\/\/www.champdeniers.fr\/index.php\/wp-json\/wp\/v2\/media?parent=3720"}],"wp:term":[{"taxonomy":"category","embeddable":true,"href":"https:\/\/www.champdeniers.fr\/index.php\/wp-json\/wp\/v2\/categories?post=3720"},{"taxonomy":"post_tag","embeddable":true,"href":"https:\/\/www.champdeniers.fr\/index.php\/wp-json\/wp\/v2\/tags?post=3720"}],"curies":[{"name":"wp","href":"https:\/\/api.w.org\/{rel}","templated":true}]}}