{"id":3416,"date":"2023-06-21T14:55:32","date_gmt":"2023-06-21T12:55:32","guid":{"rendered":"http:\/\/www.2020.champdeniers.fr\/?p=3416"},"modified":"2025-04-30T14:49:10","modified_gmt":"2025-04-30T12:49:10","slug":"inauguration-des-espaces-de-jeux-et-de-detente","status":"publish","type":"post","link":"https:\/\/www.champdeniers.fr\/index.php\/2023\/06\/21\/inauguration-des-espaces-de-jeux-et-de-detente\/","title":{"rendered":"Inauguration des espaces de jeux et de d\u00e9tente"},"content":{"rendered":"<p>[et_pb_section fb_built=\u00a0\u00bb1&Prime; _builder_version=\u00a0\u00bb4.19.4&Prime; _module_preset=\u00a0\u00bbdefault\u00a0\u00bb global_colors_info=\u00a0\u00bb{}\u00a0\u00bb][et_pb_row _builder_version=\u00a0\u00bb4.19.4&Prime; _module_preset=\u00a0\u00bbdefault\u00a0\u00bb global_colors_info=\u00a0\u00bb{}\u00a0\u00bb][et_pb_column type=\u00a0\u00bb4_4&Prime; _builder_version=\u00a0\u00bb4.19.4&Prime; _module_preset=\u00a0\u00bbdefault\u00a0\u00bb global_colors_info=\u00a0\u00bb{}\u00a0\u00bb][et_pb_gallery gallery_ids=\u00a0\u00bb3428,3440,3441,3442,3417,3449,3450,3439,3443,3438,3422,3421,3420,3419,3430,3429,3418,3424,3427,3437,3431,3432,3433,3434,3435,3436,3447,3448,3455&Prime; posts_number=\u00a0\u00bb12&Prime; show_title_and_caption=\u00a0\u00bboff\u00a0\u00bb _builder_version=\u00a0\u00bb4.21.0&Prime; _module_preset=\u00a0\u00bbdefault\u00a0\u00bb hover_enabled=\u00a0\u00bb0&Prime; global_colors_info=\u00a0\u00bb{}\u00a0\u00bb sticky_enabled=\u00a0\u00bb0&Prime;][\/et_pb_gallery][\/et_pb_column][\/et_pb_row][\/et_pb_section][et_pb_section fb_built=\u00a0\u00bb1&Prime; _builder_version=\u00a0\u00bb4.19.4&Prime; _module_preset=\u00a0\u00bbdefault\u00a0\u00bb global_colors_info=\u00a0\u00bb{}\u00a0\u00bb][et_pb_row _builder_version=\u00a0\u00bb4.19.4&Prime; _module_preset=\u00a0\u00bbdefault\u00a0\u00bb min_height=\u00a0\u00bb699.2px\u00a0\u00bb hover_enabled=\u00a0\u00bb0&Prime; global_colors_info=\u00a0\u00bb{}\u00a0\u00bb sticky_enabled=\u00a0\u00bb0&Prime;][et_pb_column type=\u00a0\u00bb4_4&Prime; _builder_version=\u00a0\u00bb4.19.4&Prime; _module_preset=\u00a0\u00bbdefault\u00a0\u00bb hover_enabled=\u00a0\u00bb0&Prime; global_colors_info=\u00a0\u00bb{}\u00a0\u00bb sticky_enabled=\u00a0\u00bb0&Prime;][et_pb_text _builder_version=\u00a0\u00bb4.21.0&Prime; _module_preset=\u00a0\u00bbdefault\u00a0\u00bb hover_enabled=\u00a0\u00bb0&Prime; global_colors_info=\u00a0\u00bb{}\u00a0\u00bb sticky_enabled=\u00a0\u00bb0&Prime;]<\/p>\n<div style=\"text-align: left;\">\n<div><b>Jardin\u00a0du paradis &#8211; projet citoyen<\/b><\/div>\n<div><\/div>\n<div>Projet port\u00e9 par l&rsquo;association Partage. <a href=\"http:\/\/www.2020.champdeniers.fr\/wp-content\/uploads\/2023\/06\/DSC00348-scaled.jpg\">Histoire du projet<\/a><br \/>Financement du\u00a0projet \u00e0 80% par le budget participatif du D\u00e9partement des Deux-S\u00e8vres.<\/div>\n<div><\/div>\n<\/div>\n<div style=\"text-align: left;\">\n<p dir=\"ltr\" style=\"text-align: left;\"><a href=\"http:\/\/www.2020.champdeniers.fr\/wp-content\/uploads\/2023\/06\/DSC00347-scaled.jpg\">D\u00e9tails du financement du projet<\/a><\/p>\n<div><b>City-stade<\/b><\/div>\n<div>Projet labelis\u00e9 Terre de Jeux 2024<br \/>Financement du projet \u00e0 50% par l&rsquo;Agence Nationale du Sport, 30% par l&rsquo;\u00e9tat (DETR).<\/div>\n<div><a href=\"http:\/\/www.2020.champdeniers.fr\/wp-content\/uploads\/2023\/06\/IMG_6495-scaled.jpeg\">D\u00e9tails du financement du projet<\/a><\/div>\n<p dir=\"ltr\"><a href=\"http:\/\/www.2020.champdeniers.fr\/wp-content\/uploads\/2023\/06\/IMG_6491-scaled.jpeg\">Horaires des acc\u00e8s au city-stade<\/a><\/p>\n<p dir=\"ltr\">Cheminements et espaces verts r\u00e9alis\u00e9s par les agents communaux.<\/p>\n<\/div>\n<p>[\/et_pb_text][et_pb_gallery _builder_version=\u00a0\u00bb4.21.0&Prime; _module_preset=\u00a0\u00bbdefault\u00a0\u00bb gallery_ids=\u00a0\u00bb3447,3455&Prime; fullwidth=\u00a0\u00bbon\u00a0\u00bb gallery_orderby=\u00a0\u00bbrand\u00a0\u00bb hover_enabled=\u00a0\u00bb0&Prime; sticky_enabled=\u00a0\u00bb0&Prime; width=\u00a0\u00bb80%\u00a0\u00bb module_alignment=\u00a0\u00bbcenter\u00a0\u00bb][\/et_pb_gallery][\/et_pb_column][\/et_pb_row][\/et_pb_section]<\/p>\n","protected":false},"excerpt":{"rendered":"<p>Samedi 17 juin, les espaces de jeu du jardin des enfants du paradis et le city-stade ont \u00e9t\u00e9 inaugur\u00e9s par M. Le Maire et les personnalit\u00e9s locales.<\/p>\n","protected":false},"author":1,"featured_media":3418,"comment_status":"closed","ping_status":"open","sticky":false,"template":"","format":"standard","meta":{"_et_pb_use_builder":"on","_et_pb_old_content":"","_et_gb_content_width":"","footnotes":""},"categories":[15,13,20,14,22],"tags":[],"class_list":["post-3416","post","type-post","status-publish","format-standard","has-post-thumbnail","hentry","category-cadre-de-vie","category-enfance-jeunesse","category-vie-associative","category-vie-municipale","category-vie-pratique"],"publishpress_future_action":{"enabled":false,"date":"2026-05-07 11:39:30","action":"change-status","newStatus":"draft","terms":[],"taxonomy":"category","extraData":[]},"publishpress_future_workflow_manual_trigger":{"enabledWorkflows":[]},"_links":{"self":[{"href":"https:\/\/www.champdeniers.fr\/index.php\/wp-json\/wp\/v2\/posts\/3416","targetHints":{"allow":["GET"]}}],"collection":[{"href":"https:\/\/www.champdeniers.fr\/index.php\/wp-json\/wp\/v2\/posts"}],"about":[{"href":"https:\/\/www.champdeniers.fr\/index.php\/wp-json\/wp\/v2\/types\/post"}],"author":[{"embeddable":true,"href":"https:\/\/www.champdeniers.fr\/index.php\/wp-json\/wp\/v2\/users\/1"}],"replies":[{"embeddable":true,"href":"https:\/\/www.champdeniers.fr\/index.php\/wp-json\/wp\/v2\/comments?post=3416"}],"version-history":[{"count":6,"href":"https:\/\/www.champdeniers.fr\/index.php\/wp-json\/wp\/v2\/posts\/3416\/revisions"}],"predecessor-version":[{"id":3461,"href":"https:\/\/www.champdeniers.fr\/index.php\/wp-json\/wp\/v2\/posts\/3416\/revisions\/3461"}],"wp:featuredmedia":[{"embeddable":true,"href":"https:\/\/www.champdeniers.fr\/index.php\/wp-json\/wp\/v2\/media\/3418"}],"wp:attachment":[{"href":"https:\/\/www.champdeniers.fr\/index.php\/wp-json\/wp\/v2\/media?parent=3416"}],"wp:term":[{"taxonomy":"category","embeddable":true,"href":"https:\/\/www.champdeniers.fr\/index.php\/wp-json\/wp\/v2\/categories?post=3416"},{"taxonomy":"post_tag","embeddable":true,"href":"https:\/\/www.champdeniers.fr\/index.php\/wp-json\/wp\/v2\/tags?post=3416"}],"curies":[{"name":"wp","href":"https:\/\/api.w.org\/{rel}","templated":true}]}}