{"id":3220,"date":"2023-04-06T12:07:30","date_gmt":"2023-04-06T10:07:30","guid":{"rendered":"http:\/\/www.2020.champdeniers.fr\/?p=3220"},"modified":"2023-04-13T10:22:47","modified_gmt":"2023-04-13T08:22:47","slug":"permanence-de-la-maison-de-lemploi","status":"publish","type":"post","link":"https:\/\/www.champdeniers.fr\/index.php\/2023\/04\/06\/permanence-de-la-maison-de-lemploi\/","title":{"rendered":"Permanence de la Maison de l&rsquo;Emploi"},"content":{"rendered":"<p>[et_pb_section fb_built=\u00a0\u00bb1&Prime; _builder_version=\u00a0\u00bb4.20.2&Prime; _module_preset=\u00a0\u00bbdefault\u00a0\u00bb global_colors_info=\u00a0\u00bb{}\u00a0\u00bb][et_pb_row _builder_version=\u00a0\u00bb4.20.2&Prime; _module_preset=\u00a0\u00bbdefault\u00a0\u00bb global_colors_info=\u00a0\u00bb{}\u00a0\u00bb][et_pb_column type=\u00a0\u00bb4_4&Prime; _builder_version=\u00a0\u00bb4.20.2&Prime; _module_preset=\u00a0\u00bbdefault\u00a0\u00bb global_colors_info=\u00a0\u00bb{}\u00a0\u00bb][et_pb_text _builder_version=\u00a0\u00bb4.20.2&Prime; _module_preset=\u00a0\u00bbdefault\u00a0\u00bb global_colors_info=\u00a0\u00bb{}\u00a0\u00bb]<\/p>\n<div dir=\"auto\">Des permanences de la Maison de l&rsquo;Emploi de Parthenay sont organis\u00e9es \u00e0 La Poste de Champdeniers.<\/div>\n<div dir=\"auto\">Th\u00e8mes : recherche d&#8217;emploi, r\u00e9insertion, reconversion professionnelle, cr\u00e9ation d&rsquo;entreprise.<\/div>\n<div dir=\"auto\">Dates : le 11 avril, les 02 et 9 mai, les 6, 13 et 27 juin et le 04 juillet<\/div>\n<div dir=\"auto\"><ringover-84e06f14122c>Uniquement sur rendez-vous au <ringoverc2c-84e06f14122c title=\"Appeler avec Ringover\" class=\"a_ringover_c2c\" data-c2c-format-number=\"+33549942346\"><ringoverc2c-logo-container-84e06f14122c><ringoverc2c-logo-84e06f14122c><\/ringoverc2c-logo-84e06f14122c><\/ringoverc2c-logo-container-84e06f14122c><ringoverc2c-number-84e06f14122c class=\"ringoverc2c-number-84e06f14122c\">05 49 94 23 46<\/ringoverc2c-number-84e06f14122c><\/ringoverc2c-84e06f14122c><\/ringover-84e06f14122c><\/div>\n<p>[\/et_pb_text][et_pb_image src=\u00a0\u00bbhttp:\/\/www.2020.champdeniers.fr\/wp-content\/uploads\/2023\/04\/Capture-decran-2023-04-06-115842.jpg\u00a0\u00bb _builder_version=\u00a0\u00bb4.20.2&Prime; _module_preset=\u00a0\u00bbdefault\u00a0\u00bb title_text=\u00a0\u00bbCapture d\u2019\u00e9cran 2023-04-06 115842&Prime; hover_enabled=\u00a0\u00bb0&Prime; sticky_enabled=\u00a0\u00bb0&Prime;][\/et_pb_image][\/et_pb_column][\/et_pb_row][\/et_pb_section]<\/p>\n","protected":false},"excerpt":{"rendered":"<p>Des permanences de la Maison de l&rsquo;Emploi de Parthenay sont organis\u00e9es \u00e0 La Poste de Champdeniers. Th\u00e8mes : recherche d&#8217;emploi, r\u00e9insertion, reconversion professionnelle, cr\u00e9ation d&rsquo;entreprise. Dates : le 11 avril, [&hellip;]<\/p>\n","protected":false},"author":2,"featured_media":3219,"comment_status":"open","ping_status":"open","sticky":false,"template":"","format":"standard","meta":{"_et_pb_use_builder":"on","_et_pb_old_content":"","_et_gb_content_width":"","footnotes":""},"categories":[12],"tags":[],"class_list":["post-3220","post","type-post","status-publish","format-standard","has-post-thumbnail","hentry","category-vie-economique"],"publishpress_future_action":{"enabled":false,"date":"2026-05-07 10:48:14","action":"change-status","newStatus":"draft","terms":[],"taxonomy":"category","extraData":[]},"publishpress_future_workflow_manual_trigger":{"enabledWorkflows":[]},"_links":{"self":[{"href":"https:\/\/www.champdeniers.fr\/index.php\/wp-json\/wp\/v2\/posts\/3220","targetHints":{"allow":["GET"]}}],"collection":[{"href":"https:\/\/www.champdeniers.fr\/index.php\/wp-json\/wp\/v2\/posts"}],"about":[{"href":"https:\/\/www.champdeniers.fr\/index.php\/wp-json\/wp\/v2\/types\/post"}],"author":[{"embeddable":true,"href":"https:\/\/www.champdeniers.fr\/index.php\/wp-json\/wp\/v2\/users\/2"}],"replies":[{"embeddable":true,"href":"https:\/\/www.champdeniers.fr\/index.php\/wp-json\/wp\/v2\/comments?post=3220"}],"version-history":[{"count":3,"href":"https:\/\/www.champdeniers.fr\/index.php\/wp-json\/wp\/v2\/posts\/3220\/revisions"}],"predecessor-version":[{"id":3246,"href":"https:\/\/www.champdeniers.fr\/index.php\/wp-json\/wp\/v2\/posts\/3220\/revisions\/3246"}],"wp:featuredmedia":[{"embeddable":true,"href":"https:\/\/www.champdeniers.fr\/index.php\/wp-json\/wp\/v2\/media\/3219"}],"wp:attachment":[{"href":"https:\/\/www.champdeniers.fr\/index.php\/wp-json\/wp\/v2\/media?parent=3220"}],"wp:term":[{"taxonomy":"category","embeddable":true,"href":"https:\/\/www.champdeniers.fr\/index.php\/wp-json\/wp\/v2\/categories?post=3220"},{"taxonomy":"post_tag","embeddable":true,"href":"https:\/\/www.champdeniers.fr\/index.php\/wp-json\/wp\/v2\/tags?post=3220"}],"curies":[{"name":"wp","href":"https:\/\/api.w.org\/{rel}","templated":true}]}}