{"id":3121,"date":"2023-06-07T20:03:00","date_gmt":"2023-06-07T18:03:00","guid":{"rendered":"http:\/\/www.2020.champdeniers.fr\/?p=3121"},"modified":"2025-04-30T14:49:10","modified_gmt":"2025-04-30T12:49:10","slug":"campagne-dinscription-aux-transports-scolaires","status":"publish","type":"post","link":"https:\/\/www.champdeniers.fr\/index.php\/2023\/06\/07\/campagne-dinscription-aux-transports-scolaires\/","title":{"rendered":"Campagne d&rsquo;inscription aux transports scolaires"},"content":{"rendered":"<p>[et_pb_section fb_built=\u00a0\u00bb1&Prime; _builder_version=\u00a0\u00bb4.19.4&Prime; _module_preset=\u00a0\u00bbdefault\u00a0\u00bb global_colors_info=\u00a0\u00bb{}\u00a0\u00bb theme_builder_area=\u00a0\u00bbpost_content\u00a0\u00bb][et_pb_row _builder_version=\u00a0\u00bb4.19.4&Prime; _module_preset=\u00a0\u00bbdefault\u00a0\u00bb hover_enabled=\u00a0\u00bb0&Prime; global_colors_info=\u00a0\u00bb{}\u00a0\u00bb theme_builder_area=\u00a0\u00bbpost_content\u00a0\u00bb custom_padding=\u00a0\u00bb90px|||||\u00a0\u00bb sticky_enabled=\u00a0\u00bb0&Prime;][et_pb_column type=\u00a0\u00bb4_4&Prime; _builder_version=\u00a0\u00bb4.19.4&Prime; _module_preset=\u00a0\u00bbdefault\u00a0\u00bb global_colors_info=\u00a0\u00bb{}\u00a0\u00bb theme_builder_area=\u00a0\u00bbpost_content\u00a0\u00bb][et_pb_image src=\u00a0\u00bbhttp:\/\/www.2020.champdeniers.fr\/wp-content\/uploads\/2023\/02\/351504173_813886927031859_3872034461346641095_n.jpg\u00a0\u00bb _builder_version=\u00a0\u00bb4.21.0&Prime; _module_preset=\u00a0\u00bbdefault\u00a0\u00bb theme_builder_area=\u00a0\u00bbpost_content\u00a0\u00bb title_text=\u00a0\u00bb351504173_813886927031859_3872034461346641095_n\u00a0\u00bb][\/et_pb_image][\/et_pb_column][\/et_pb_row][\/et_pb_section][et_pb_section fb_built=\u00a0\u00bb1&Prime; _builder_version=\u00a0\u00bb4.19.4&Prime; _module_preset=\u00a0\u00bbdefault\u00a0\u00bb global_colors_info=\u00a0\u00bb{}\u00a0\u00bb theme_builder_area=\u00a0\u00bbpost_content\u00a0\u00bb][et_pb_row _builder_version=\u00a0\u00bb4.19.4&Prime; _module_preset=\u00a0\u00bbdefault\u00a0\u00bb min_height=\u00a0\u00bb699.2px\u00a0\u00bb global_colors_info=\u00a0\u00bb{}\u00a0\u00bb theme_builder_area=\u00a0\u00bbpost_content\u00a0\u00bb][et_pb_column type=\u00a0\u00bb4_4&Prime; _builder_version=\u00a0\u00bb4.19.4&Prime; _module_preset=\u00a0\u00bbdefault\u00a0\u00bb global_colors_info=\u00a0\u00bb{}\u00a0\u00bb theme_builder_area=\u00a0\u00bbpost_content\u00a0\u00bb][et_pb_text _builder_version=\u00a0\u00bb4.19.4&Prime; _module_preset=\u00a0\u00bbdefault\u00a0\u00bb global_colors_info=\u00a0\u00bb{}\u00a0\u00bb theme_builder_area=\u00a0\u00bbpost_content\u00a0\u00bb]<\/p>\n<div>\n<div>\n<p>La campagne d\u2019inscription aux transports scolaires de l\u2019ann\u00e9e scolaire 2023\/2024 pour les \u00e9coles maternelles et primaires du territoire de la Communaut\u00e9 de Communes Val de G\u00e2tine est ouverte \u00e0 compter du 8 juin 2023.<\/p>\n<p>\u26a0\ufe0f Pour b\u00e9n\u00e9ficier de ce transport, une inscription est obligatoire.<\/p>\n<p>Il est recommand\u00e9 de la r\u00e9aliser directement sur le site internet de la R\u00e9gion : <br \/><a href=\"https:\/\/transports.nouvelle-aquitaine.fr\">https:\/\/transports.nouvelle-aquitaine.fr<\/a> ,module \u00ab transports scolaires inscription et paiement en ligne \u00bb.<\/p>\n<p>Si vous ne disposez pas d\u2019acc\u00e8s internet, le formulaire papier est \u00e0 votre disposition :<\/p>\n<ul>\n<li>A la Communaut\u00e9 de Communes Val de G\u00e2tine site de Champdeniers &#8211; Place Porte Saint Antoine t\u00e9l. 05 49 25 64 11 ou par mail : accueil.champdeniers@valdegatine.fr<\/li>\n<li>A la Mairie.<\/li>\n<\/ul>\n<p>???? Pendant la campagne d\u2019inscription, les \u00e9quipes de la R\u00e9gion sont \u00e0 votre \u00e9coute de 8h \u00e0 17h du lundi au vendredi au 0970 870 870.<\/p>\n<\/div>\n<\/div>\n<div>\n<p dir=\"ltr\"><span><\/span><\/p>\n<\/div>\n<p>[\/et_pb_text][\/et_pb_column][\/et_pb_row][\/et_pb_section]<\/p>\n","protected":false},"excerpt":{"rendered":"<p>La campagne d\u2019inscription aux transports scolaires de l\u2019ann\u00e9e scolaire 2023\/2024 pour les \u00e9coles maternelles et primaires du territoire de la Communaut\u00e9 de Communes Val de G\u00e2tine est ouverte \u00e0 compter [&hellip;]<\/p>\n","protected":false},"author":2,"featured_media":3374,"comment_status":"closed","ping_status":"open","sticky":false,"template":"","format":"standard","meta":{"_et_pb_use_builder":"on","_et_pb_old_content":"","_et_gb_content_width":"","footnotes":""},"categories":[13,22],"tags":[],"class_list":["post-3121","post","type-post","status-publish","format-standard","has-post-thumbnail","hentry","category-enfance-jeunesse","category-vie-pratique"],"publishpress_future_action":{"enabled":false,"date":"2026-05-08 08:49:25","action":"change-status","newStatus":"draft","terms":[],"taxonomy":"category","extraData":[]},"publishpress_future_workflow_manual_trigger":{"enabledWorkflows":[]},"_links":{"self":[{"href":"https:\/\/www.champdeniers.fr\/index.php\/wp-json\/wp\/v2\/posts\/3121","targetHints":{"allow":["GET"]}}],"collection":[{"href":"https:\/\/www.champdeniers.fr\/index.php\/wp-json\/wp\/v2\/posts"}],"about":[{"href":"https:\/\/www.champdeniers.fr\/index.php\/wp-json\/wp\/v2\/types\/post"}],"author":[{"embeddable":true,"href":"https:\/\/www.champdeniers.fr\/index.php\/wp-json\/wp\/v2\/users\/2"}],"replies":[{"embeddable":true,"href":"https:\/\/www.champdeniers.fr\/index.php\/wp-json\/wp\/v2\/comments?post=3121"}],"version-history":[{"count":3,"href":"https:\/\/www.champdeniers.fr\/index.php\/wp-json\/wp\/v2\/posts\/3121\/revisions"}],"predecessor-version":[{"id":3377,"href":"https:\/\/www.champdeniers.fr\/index.php\/wp-json\/wp\/v2\/posts\/3121\/revisions\/3377"}],"wp:featuredmedia":[{"embeddable":true,"href":"https:\/\/www.champdeniers.fr\/index.php\/wp-json\/wp\/v2\/media\/3374"}],"wp:attachment":[{"href":"https:\/\/www.champdeniers.fr\/index.php\/wp-json\/wp\/v2\/media?parent=3121"}],"wp:term":[{"taxonomy":"category","embeddable":true,"href":"https:\/\/www.champdeniers.fr\/index.php\/wp-json\/wp\/v2\/categories?post=3121"},{"taxonomy":"post_tag","embeddable":true,"href":"https:\/\/www.champdeniers.fr\/index.php\/wp-json\/wp\/v2\/tags?post=3121"}],"curies":[{"name":"wp","href":"https:\/\/api.w.org\/{rel}","templated":true}]}}