{"id":2193,"date":"2020-12-04T10:56:48","date_gmt":"2020-12-04T09:56:48","guid":{"rendered":"http:\/\/www.2020.champdeniers.fr\/?p=2193"},"modified":"2023-01-27T18:25:45","modified_gmt":"2023-01-27T17:25:45","slug":"2193","status":"publish","type":"post","link":"https:\/\/www.champdeniers.fr\/index.php\/2020\/12\/04\/2193\/","title":{"rendered":"ALERTE SMS"},"content":{"rendered":"\n\n\n[et_pb_section fb_built=\u00a0\u00bb1&Prime; _builder_version=\u00a0\u00bb4.6.5&Prime; _module_preset=\u00a0\u00bbdefault\u00a0\u00bb][et_pb_row _builder_version=\u00a0\u00bb4.6.5&Prime; _module_preset=\u00a0\u00bbdefault\u00a0\u00bb hover_enabled=\u00a0\u00bb0&Prime; sticky_enabled=\u00a0\u00bb0&Prime;][et_pb_column _builder_version=\u00a0\u00bb4.6.5&Prime; _module_preset=\u00a0\u00bbdefault\u00a0\u00bb type=\u00a0\u00bb4_4&Prime;][et_pb_cta title=\u00a0\u00bbALERTE SMS\u00a0\u00bb button_text=\u00a0\u00bbClics\u00a0\u00bb _builder_version=\u00a0\u00bb4.6.5&Prime; _module_preset=\u00a0\u00bbdefault\u00a0\u00bb hover_enabled=\u00a0\u00bb0&Prime; sticky_enabled=\u00a0\u00bb0&Prime; use_background_color=\u00a0\u00bboff\u00a0\u00bb title_last_edited=\u00a0\u00bbon|phone\u00a0\u00bb]<div class=\"page\" title=\"Page 1\">\n<div class=\"layoutArea\">\n<div class=\"column\">\n<p><strong><span style=\"color: #000000;\">ALERTE SMS<\/span><\/strong><\/p>\n<p><span style=\"color: #000000;\"><\/span><\/p>\n<p><span style=\"color: #000000;\">La commune a choisi de renforcer les outils de communication \u00e0 destination de la population. A ce titre, les \u00e9lus ont d\u00e9cid\u00e9 de mettre en place un syst\u00e8me d\u2019alerte SMS, permettant de pr\u00e9venir la population par t\u00e9l\u00e9phone via SMS lors de la survenance de divers \u00e9v\u00e9nements.<\/span><br \/> <span style=\"color: #000000;\"> Si vous souhaitez recevoir ces alertes, nous vous invitons \u00e0 compl\u00e9ter le formulaire de collecte en cliquant sur le lien ci-dessous.<\/span><br \/> <span style=\"color: #000000;\"> Vos donn\u00e9es personnelles seront trait\u00e9es conform\u00e9ment \u00e0 la R\u00e9glementation G\u00e9n\u00e9rale sur la Protection des Donn\u00e9es (RGPD).<\/span><br \/> <span style=\"color: #000000;\"> Ainsi, vous pouvez choisir de vous inscrire \u00e0 tout ou partie des listes de diffusion ci-dessous. Vous disposez \u00e9galement de droits sur les donn\u00e9es personnelles que vous nous confiez.<\/span><br \/> <span style=\"color: #000000;\"> Vous pouvez compl\u00e9ter ce formulaire directement en ligne en suivant ce lien : <a href=\"https:\/\/smsalerte.fr\/1211\" style=\"color: #000000;\">https:\/\/smsalerte.fr\/1211<\/a> ou en scannant le QR code pr\u00e9sent en bas de formulaire.<\/span><\/p>\n<p><span style=\"color: #000000;\"><img decoding=\"async\" src=\"data:image\/png;base64,iVBORw0KGgoAAAANSUhEUgAAAJYAAACWCAIAAACzY+a1AAAAAXNSR0IArs4c6QAAAGxlWElmTU0AKgAAAAgABAEaAAUAAAABAAAAPgEbAAUAAAABAAAARgEoAAMAAAABAAIAAIdpAAQAAAABAAAATgAAAAAAAABgAAAAAQAAAGAAAAABAAKgAgAEAAAAAQAAAJagAwAEAAAAAQAAAJYAAAAA64b6egAAAAlwSFlzAAAOxAAADsQBlSsOGwAABXxJREFUeAHtm9GOnDsIg88c9f1feduqN9+shhUh5I+R3CuGGgfsMmir9vX19fWff01W4P\/Jzbv3vwrYwvF\/DmyhLRyvwPgBvIW2cLwC4wfwFtrC8QqMH8BbaAvHKzB+AG+hLRyvwPgBvIW2cLwC4wfwFtrC8QqMH8BbaAvHKzB+AG+hLRyvwPgBvIW2cLwC4wfwFtrC8QqMH+BX4wSv16uR7R9V9C+VM29laokhZ5TvGpD8m5z+It0U8H65LbzvwWYHtnBTwPvlnbeQ0+x81\/MmkZNxxM9axqzdiaN3M5wn+vnzrrcwI740xhZK25NpzhZmVJLGnLqFHDpzA1ZvTBdnhoezMM7Urs5F\/mTsLUwKpQuzhbreJDuzhUmhdGFP3MKu6Xl7eGOYj94ihrWMiYl4BPPeQkFT1lqyhWt6CaJtoaApay1NuoWZyaLbxnyGZxDGWzjIrM+t2sLPugzK2sJBZn1u9Ylb2HWHyJP5GS6DJ4bxZ7Xes6v49+q2T97CNilvEdnCW8q3vWsL26S8RXTqFmZu1erM5OQdYp6czO\/gI07mL8bewovi9zxtC3t0vMhiCy+K3\/N05y3kvenp7p2F\/NGde6\/4\/Ik8nxHv2VX8e\/XxT97C4xKffsAWnlb4OL8tPC7x6Qc6byHvE\/vO3JKoNsPD2ugtYsi5E0ecUQ87b\/1Q6y38QZwZv2ULZ\/j0Q5e28AdxZvxW5y3kxLwHqzdjtXaVn32ylu8Sw5h45hlHmAw\/eZKxtzAplC7MFup6k+zMFiaF0oWduoW8B9ENIIYKMc9a5onPYCI884z5FvmJiWLiycOYmIgnmfcWJoXShdlCXW+SndnCpFC6sFfjlzKn5Pc+8yee23mLteyN+Uz\/xJOHtRkM8cnYW5gUShdmC3W9SXZmC5NC6cI6fy6MvuuZzyixiicn7xB5ojxrGe\/gyfNA7C18QOSzT9jCs\/o+wG4LHxD57BOdtzDTaeY+Ze5QBsN+Mu8Sw9roLeaJZ0zODJ61ydhbmBRKF2YLdb1JdmYLk0Lpwjr\/jnT1ez\/CR3mqSAzz0b2J8KxlTJ4TteTnu4XYW1gQTavEFmr5UejGFhZE0yqZ9HNh5n7wbhHPOONAxJPJZzCZHpIYb2FSKF2YLdT1JtmZLUwKpQt74ufCndvAG0YeKprB7OBZG8VRD8xHtZt5b+GmgPfLbeF9DzY7sIWbAt4v77yFp6fhLeSNYT7qIcJn8hEn3yVPhD+U9xYeEvY5Wlv4nNaHXrKFh4R9jrbz70h5G7omiG4M3yImk1\/tLeK8xfPtXW\/hN0HmfbSF8zz71rEt\/CbIvI+dt5DT8z4xn4l5eyJ8xM88eaI8MatvRfgozx4iTCHvLSyIplViC7X8KHRjCwuiaZWcuoWcsuveRLeE\/MQwjjDMr\/ZMPGNysgdiGmNvYaOYd6hs4R3dG1+1hY1i3qF64haemIz3hvxRPrpJzEe15CeeecbERJzEsLYQewsLommV2EItPwrd2MKCaFolU29hpGJ0Y3iTIgw5Mxjiyc88eSIM8YXYW1gQTavEFmr5UejGFhZE0yp54hbyHuxMz1uS4VzFR72RJ8Jk+olqN\/Pewk0B75fbwvsebHZgCzcFvF9+6hZm7sfO9OTnHYryfCuDIZ4x32J+h5M8hdhbWBBNq8QWavlR6MYWFkTTKpn0\/wu1lJPpxlsoY0W1EVtYVU6mzhbKWFFtxBZWlZOps4UyVlQbsYVV5WTqbKGMFdVGbGFVOZk6WyhjRbURW1hVTqbOFspYUW3EFlaVk6mzhTJWVBuxhVXlZOpsoYwV1UZsYVU5mTpbKGNFtRFbWFVOps4WylhRbcQWVpWTqbOFMlZUG7GFVeVk6myhjBXVRmxhVTmZut\/JLpNLPVdNsgAAAABJRU5ErkJggg==\" alt=\"page1image2432204544\" width=\"112.500000\" height=\"112.500000\" \/><\/span><br \/> <span><\/span><\/p>\n<p><span>Nous restons \u00e0 votre disposition en cas de difficult\u00e9s et vous prions de recevoir l\u2019expression de nos sentiments les plus d\u00e9vou\u00e9s.<\/span><\/p>\n<p><span>L\u2019\u00e9quipe municipale.<\/span><\/p>\n<\/div>\n<\/div>\n<div class=\"section\">\n<div class=\"layoutArea\">\n<div class=\"column\">\n<p><span><\/span><\/p>\n<\/div>\n<\/div>\n<\/div>\n<\/div>\n[\/et_pb_cta][\/et_pb_column][\/et_pb_row][\/et_pb_section]\n\n\n","protected":false},"excerpt":{"rendered":"<p>ALERTE SMS La commune a choisi de renforcer les outils de communication \u00e0 destination de la population. A ce titre, les \u00e9lus ont d\u00e9cid\u00e9 de mettre en place un syst\u00e8me [&hellip;]<\/p>\n","protected":false},"author":2,"featured_media":2199,"comment_status":"open","ping_status":"open","sticky":false,"template":"","format":"standard","meta":{"_et_pb_use_builder":"on","_et_pb_old_content":"","_et_gb_content_width":"","footnotes":""},"categories":[15,13,20,12,14,22],"tags":[],"class_list":["post-2193","post","type-post","status-publish","format-standard","has-post-thumbnail","hentry","category-cadre-de-vie","category-enfance-jeunesse","category-vie-associative","category-vie-economique","category-vie-municipale","category-vie-pratique"],"publishpress_future_action":{"enabled":false,"date":"2026-05-09 11:13:13","action":"change-status","newStatus":"draft","terms":[],"taxonomy":"category","extraData":[]},"publishpress_future_workflow_manual_trigger":{"enabledWorkflows":[]},"_links":{"self":[{"href":"https:\/\/www.champdeniers.fr\/index.php\/wp-json\/wp\/v2\/posts\/2193","targetHints":{"allow":["GET"]}}],"collection":[{"href":"https:\/\/www.champdeniers.fr\/index.php\/wp-json\/wp\/v2\/posts"}],"about":[{"href":"https:\/\/www.champdeniers.fr\/index.php\/wp-json\/wp\/v2\/types\/post"}],"author":[{"embeddable":true,"href":"https:\/\/www.champdeniers.fr\/index.php\/wp-json\/wp\/v2\/users\/2"}],"replies":[{"embeddable":true,"href":"https:\/\/www.champdeniers.fr\/index.php\/wp-json\/wp\/v2\/comments?post=2193"}],"version-history":[{"count":4,"href":"https:\/\/www.champdeniers.fr\/index.php\/wp-json\/wp\/v2\/posts\/2193\/revisions"}],"predecessor-version":[{"id":2200,"href":"https:\/\/www.champdeniers.fr\/index.php\/wp-json\/wp\/v2\/posts\/2193\/revisions\/2200"}],"wp:featuredmedia":[{"embeddable":true,"href":"https:\/\/www.champdeniers.fr\/index.php\/wp-json\/wp\/v2\/media\/2199"}],"wp:attachment":[{"href":"https:\/\/www.champdeniers.fr\/index.php\/wp-json\/wp\/v2\/media?parent=2193"}],"wp:term":[{"taxonomy":"category","embeddable":true,"href":"https:\/\/www.champdeniers.fr\/index.php\/wp-json\/wp\/v2\/categories?post=2193"},{"taxonomy":"post_tag","embeddable":true,"href":"https:\/\/www.champdeniers.fr\/index.php\/wp-json\/wp\/v2\/tags?post=2193"}],"curies":[{"name":"wp","href":"https:\/\/api.w.org\/{rel}","templated":true}]}}